{"id":1778,"date":"2024-11-22T13:44:37","date_gmt":"2024-11-22T16:44:37","guid":{"rendered":"https:\/\/andreavizzotto.adv.br\/?p=1778"},"modified":"2024-11-22T13:44:37","modified_gmt":"2024-11-22T16:44:37","slug":"impressoes-sobre-os-efeitos-das-mudancas-climaticas-nas-cidades-de-em-porto-alegre-e-valencia","status":"publish","type":"post","link":"https:\/\/andreavizzotto.adv.br\/index.php\/2024\/11\/22\/impressoes-sobre-os-efeitos-das-mudancas-climaticas-nas-cidades-de-em-porto-alegre-e-valencia\/","title":{"rendered":"IMPRESS\u00d5ES SOBRE OS EFEITOS DAS MUDAN\u00c7AS CLIM\u00c1TICAS NAS CIDADES DE EM PORTO ALEGRE E VAL\u00caNCIA:"},"content":{"rendered":"<p><strong><u>\u00a0<\/u><\/strong>As trag\u00e9dias que assolaram as cidades de Porto Alegre, no sul do Brasil, em maio de 2024 e Val\u00eancia, regi\u00e3o litor\u00e2nea da Espanha, em outubro de 2024, surpreenderam e consternaram o Mundo. As semelhan\u00e7as entre os tr\u00e1gicos eventos fazem crer ter surgido nova<em> ordem mundial clim\u00e1tica<\/em>. A inten\u00e7\u00e3o deste escrito \u00e9 a de refletir sobre esses acontecimentos por meio das suas carater\u00edsticas geogr\u00e1ficas, clim\u00e1ticas e pol\u00edticas.<\/p>\n<p>A Natureza passou a devolver ao Planeta, de forma impiedosa, os ataques e devasta\u00e7\u00f5es. Os dados coletados restringem-se \u00e0s cidades atingidas, mas sem desconhecer que as \u00e1guas atingiram as regi\u00f5es metropolitanas com tanta ou maior intensidade e devasta\u00e7\u00e3o.<\/p>\n<p>Porto Alegre, localizada no hemisf\u00e9rio sul, no sul do Brasil, foi fundada em mar\u00e7o de 1772 pelos portugueses que ali chegaram. \u00c9 uma plan\u00edcie rodeada por morros, com um arquip\u00e9lago e banhada pelo Lago Gua\u00edba. Esse corpo h\u00eddrico, recebe \u00e1guas do Rio Jacu\u00ed, Gravata\u00ed e Rio dos Sinos. As \u00e1guas do Gua\u00edba desembocam na Lagoa dos Patos que \u00e9 ligada ao Oceano Atl\u00e2ntico.\u00a0 A \u00e1rea de Porto Alegre \u00e9 de 486,8 quil\u00f4metros quadrados e uma popula\u00e7\u00e3o aproximada de 1.300.000 habitantes em 2024.<\/p>\n<p>A cidade de Val\u00eancia est\u00e1 localizada no hemisf\u00e9rio norte na regi\u00e3o oriental litor\u00e2nea espanhola entre as cidades de Barcelona e Alicante. Tamb\u00e9m est\u00e1 em uma plan\u00edcie junto ao Mar Mediterr\u00e2neo. Foi fundada antes do nascimento de Cristo. Possui 134,6 quil\u00f4metros quadrados e 794.000 habitantes em 2024.<\/p>\n<p>O clima na cidade de Porto Alegre \u00e9 (ou era) caracterizado por ser subtropical \u00famido, com grande varia\u00e7\u00e3o t\u00e9rmica durante os dias e chuvas bem distribu\u00eddas no ano. A cidade Val\u00eancia possui (ou possu\u00eda) clima semi\u00e1rido, com poucas chuvas e muita estiagem. \u00a0Coincid\u00eancia ou n\u00e3o, as enchentes ocorreram no outono brasileiro e, em outubro, no outono europeu. Mas ambas foram igualmente atingidas.<\/p>\n<p>Segundo os meteorologistas, o fator determinante da inunda\u00e7\u00e3o de Val\u00eancia foi o fen\u00f4meno denominado de Depress\u00e3o Isolada de Alta Altitude- DANA, formado pelo encontro do ar quente com o ar frio. E em Porto Alegre estima-se que o fen\u00f4meno <em>El Ni\u00f1o<\/em> e o bloqueio causado pelo sistema de alta press\u00e3o atmosf\u00e9rica no Centro-Sul do Brasil impediu o deslocamento da chuva para outras regi\u00f5es do pa\u00eds. A chuva represada na \u00e1rea de Porto Alegre e outras partes do Rio Grande do Sul, gerou um volume in\u00e9dito de ac\u00famulo de \u00e1guas que foi gerador da calamidade.<\/p>\n<p>Por outro lado, mesmo que a dimens\u00e3o da cat\u00e1strofe tenha sido hist\u00f3rica em ambas as cidades, n\u00e3o se tratou de epis\u00f3dio in\u00e9dito. Aqui, outra constata\u00e7\u00e3o: Porto Alegre e Val\u00eancia j\u00e1 haviam sido destru\u00eddas pelas chuvas, no s\u00e9culo XX. Ambas constru\u00edram obras de prote\u00e7\u00e3o e de canaliza\u00e7\u00e3o de \u00e1guas para proteger a cidade. Esses sistemas protetivos, no s\u00e9culo XXI, se mostraram inadequados para as condi\u00e7\u00f5es atuais.<\/p>\n<p>No que diz respeito \u00e0s peculiaridades de Porto Alegre para o enfrentamento de alagamentos, pode-se citar o sistema de prote\u00e7\u00e3o constru\u00eddo nos anos 70. \u00a0Nunca foi modernizado. Esse sistema \u00e9 composto por 23 <em>polders<\/em> e possui 68 quil\u00f4metros de extens\u00e3o. Ainda, como prote\u00e7\u00e3o contra as \u00e1guas, h\u00e1 o Muro da Mau\u00e1, constru\u00eddo em 1974, possuindo 3 metros de altura e 2 647 metros de comprimento.\u00a0 Durante as enchentes de maio foi poss\u00edvel constatar que esse sistema de prote\u00e7\u00e3o e de drenagem das \u00e1guas da chuva n\u00e3o funcionaram satisfatoriamente por falta de adequa\u00e7\u00e3o, renova\u00e7\u00e3o e de manuten\u00e7\u00e3o.<\/p>\n<p>Assim como ocorreu em Porto Alegre no ano de 1941, cidade de Val\u00eancia j\u00e1 havia sido atingida, nos anos 50 e na d\u00e9cada e 80, pelo transbordamento do Rio Turia, causador de grandes enchentes que atingiram o centro da cidade. Por isso, deu-se in\u00edcio ao <em>Plano Sur<\/em>, de canaliza\u00e7\u00e3o e desvio das \u00e1guas do centro da cidade. Ali, hoje, est\u00e3o os Jardins do Turia, \u00e1rea verde e de lazer.\u00a0 De referir que at\u00e9 ent\u00e3o, \u00a0a cidade valenciana possu\u00eda outro tipo de problema relativo \u00e0 distribui\u00e7\u00e3o de \u00e1guas: a escassez. Val\u00eancia \u00e9 rodeada por hortas urbanas e laranjais que sobrevivem pelas regas de \u00e1gua. Devido \u00e0s estiagens caracter\u00edsticas da regi\u00e3o, foi criado, no s\u00e9culo X, o Tribunal<em> de les Aig\u00fces de Val\u00e8ncia. <\/em>Trata-se de<em> tribunal<\/em> em funcionamento regular at\u00e9 hoje, considerado com a institui\u00e7\u00e3o jur\u00eddica mais antiga da Europa. A finalidade do Tribunal das \u00c1guas era o de solucionar os conflitos originados pela utiliza\u00e7\u00e3o e aproveitamento da \u00e1gua entre os agricultores.<\/p>\n<p>Ou seja, as caracter\u00edsticas clim\u00e1ticas locais e regionais foram alteradas bruscamente e de modo possivelmente irrevers\u00edvel. Onde havia uma distribui\u00e7\u00e3o adequada de chuvas durante o ano, em horas, choveu o equivalente a v\u00e1rios meses. O mesmo ocorreu em Val\u00eancia, at\u00e9 ent\u00e3o caracterizada como \u00e1rea de clima seco, atingida por chuvas volumosas. Cidades com caracter\u00edsticas geogr\u00e1ficas, hist\u00f3ricas e dimens\u00f5es bastante distintas, foram atingidas por semelhante fen\u00f4meno clim\u00e1tico, o que chama a aten\u00e7\u00e3o. Igualmente curioso foi que as consequ\u00eancias danosas foram proporcionais \u00e0 infraestrutura inadequada e ao despreparo dos governos para, prontamente, enfrentar esses eventos clim\u00e1ticos.<\/p>\n<p>Embora o tema das mudan\u00e7as clim\u00e1ticas n\u00e3o fosse t\u00e3o conhecido ou discutido naquele momento, certamente, n\u00e3o foram considerados o aumento da popula\u00e7\u00e3o, a paulatina industrializa\u00e7\u00e3o, a expans\u00e3o urbana e o processo de paulatina escassez da \u00e1gua pot\u00e1vel, entre outros fatores. O fato \u00e9 que ambos os sistemas de engenharia n\u00e3o suportaram o volume in\u00e9dito de chuvas, embora tenham evitado, dentro de sua capacidade de funcionamento, a perda de vidas e danos ainda maiores.<\/p>\n<p>Outro fator importante, pass\u00edvel de ser citado, \u00e9 a forma distinta de Estado e de governo. Embora com formas diferentes, a coincid\u00eancia est\u00e1 na matriz pol\u00edtica local conservadora, crente do Estado-m\u00ednimo e no liberalismo individualista.<\/p>\n<p>Nesse sentido, Porto Alegre integra a Rep\u00fablica Federativa Brasileira e \u00e9 a capital do Estado do Rio Grande do Sul. No sistema federativo brasileiro, os munic\u00edpios brasileiros possuem autonomia administrativa e compet\u00eancias legislativas pr\u00f3prias devidamente regradas pela Constitui\u00e7\u00e3o Federal. \u00c9 governada pelo prefeito municipal, eleito pela via direta. No momento da trag\u00e9dia a cidade era regida pelo governo com perfil liberal e conservador, com vincula\u00e7\u00f5es com os ultraconservadores.<\/p>\n<p>A Espanha \u00e9 uma monarquia parlamentarista com o pa\u00eds dividido em comunidades aut\u00f4nomas. Val\u00eancia \u00e9 um munic\u00edpio, \u00a0capital da <em>Comunitat Valenciana. <\/em>Os munic\u00edpios possuem autonomia administrativa para assuntos de interesse local. No momento das enchentes, a administra\u00e7\u00e3o local est\u00e1 ligada ao Partido Popular- PP, tradicional e com valores conservadores.<\/p>\n<p>Independente da maior ou menor autonomia ou da legisla\u00e7\u00e3o de ordena\u00e7\u00e3o do territ\u00f3rio, as duas cidades n\u00e3o possu\u00edam or\u00e7amento para financiar as a\u00e7\u00f5es necess\u00e1rias de resgate e reconstru\u00e7\u00e3o. Ambos os munic\u00edpios precisaram receber apoio log\u00edstico e financeiro do governo central.<\/p>\n<p>Os epis\u00f3dios de maio e de outubro de 2024 s\u00e3o a materializa\u00e7\u00e3o dos efeitos das mudan\u00e7as clim\u00e1ticas. A emiss\u00e3o de gases poluentes, a eleva\u00e7\u00e3o da temperatura dos mares, o aquecimento global, a impermeabiliza\u00e7\u00e3o do solo pelas constru\u00e7\u00f5es, o uso de recursos n\u00e3o renov\u00e1veis, o desmatamento das florestas e, especialmente da Amaz\u00f4nia, entre outros fatores, demandam medidas imediatas e outras de curto e longo prazo para suportar novos eventos clim\u00e1ticos. Segundo os especialistas, citando-se aqui o cientista clim\u00e1tico Carlos Nobre, a doen\u00e7a da Terra \u00e9 a Humanidade, com suas a\u00e7\u00f5es prejudiciais ao Planeta. Segundo ele, j\u00e1 estamos em estado de emerg\u00eancia clim\u00e1tica que demanda a\u00e7\u00f5es preventivas, compromissos da sociedade civil e do poder p\u00fablico.<\/p>\n<p>Muito embora Porto Alegre seja suscet\u00edvel a eventos clim\u00e1ticos em raz\u00e3o da sua posi\u00e7\u00e3o geogr\u00e1fica, causa esp\u00e9cie uma cidade espanhola, que recebe poucas chuvas anuais, ter sido t\u00e3o atingida quanto a cidade brasileira. Pode-se ent\u00e3o deduzir que a Natureza n\u00e3o est\u00e1 preocupada com a cataloga\u00e7\u00e3o cient\u00edfica clim\u00e1tica existente at\u00e9 ent\u00e3o. Ou seja, \u00e9 poss\u00edvel deduzir que qualquer local estaria sujeito a eventos de tamanha magnitude. Cita-se, por exemplo, as chuvas ocorridas no Deserto do Saara, no final do m\u00eas de setembro passado.<\/p>\n<p>O que se percebe \u00e9 que ambas as cidades n\u00e3o estavam- e ainda n\u00e3o est\u00e3o- preparadas para enfrentar cat\u00e1strofes de qualquer natureza.\u00a0 Afora os epis\u00f3dios em si, que vitimaram muitas pessoas e animais, percebeu-se, que nas primeiras horas ap\u00f3s a inunda\u00e7\u00e3o, ocorreu a in\u00e9rcia dos governos locais. Certamente n\u00e3o havia planos organizados de resgate. Nas primeiras horas, foi a sociedade civil, vivenciando a subida as \u00e1guas, que se organizou de modo espont\u00e2neo para agir. Evidentemente que, ap\u00f3s, os governos locais passaram a atuar exaustivamente na gest\u00e3o de tantos problemas, dentro das possibilidades existentes naquele momento. Isso \u00e9, ambas as cidades foram surpreendidas pela for\u00e7a das \u00e1guas, embora as enchentes n\u00e3o tenham sido eventos in\u00e9ditos em Porto Alegre e nem em Val\u00eancia.<\/p>\n<p>Poder-se-ia dizer que a magnitude das chuvas impossibilitou qualquer previs\u00e3o ou rea\u00e7\u00e3o imediata. Mas isso n\u00e3o justifica a aus\u00eancia de um mapeamento de \u00e1reas mais suscet\u00edveis a alagamentos, o n\u00famero de pessoas moradoras desses locais e plano pr\u00e9vio de evacua\u00e7\u00e3o, de resgate e salvamento das pessoas e animais.<\/p>\n<p>Viu-se tamb\u00e9m que os servi\u00e7os p\u00fablicos pr\u00f3prios ou concedidos foram atingidos de tal forma que demoraram a voltar \u00e0s atividades consideradas normais para aquele momento.<\/p>\n<p>Segundo dados do Munic\u00edpio de Porto Alegre, 46 bairros da cidade foram afetados, atingindo mais de 157 mil pessoas. O acumulado foi de 540 milimetros, em um total de 811 quilometros de vias urbanas da capital.\u00a0 Em Val\u00eancia choveu cerca de 200 litros de \u00e1gua por metro quadrado em poucas horas, segundo dados da Ag\u00eancia Meteorol\u00f3gica Estadual.<\/p>\n<p>Porto Alegre, 183 mortos, Val\u00eancia, mais de 200 mortos.<\/p>\n<p>As coincid\u00eancias s\u00e3o relevantes e apontam para a mudan\u00e7a urgente de paradigma no trato das quest\u00f5es clim\u00e1ticas e urbanas. Val\u00eancia e Porto Alegre levar\u00e3o muito tempo para reconstruir o espa\u00e7o urbano e transformar o trauma das chuvas em preparo e resili\u00eancia para enfrentar o desconhecido clim\u00e1tico.<\/p>\n<p>&nbsp;<\/p>\n<p>Porto Alegre, 22 de novembro de 2024.<\/p>\n<p>&nbsp;<\/p>\n<p>Andrea Teichmann Vizzotto<\/p>\n<p>&nbsp;<\/p>\n<p>&nbsp;<\/p>\n","protected":false},"excerpt":{"rendered":"<p>\u00a0As trag\u00e9dias que assolaram as cidades de Porto Alegre, no sul do Brasil, em maio de 2024 e Val\u00eancia, regi\u00e3o litor\u00e2nea da Espanha, em outubro de 2024, surpreenderam e consternaram o Mundo. As semelhan\u00e7as entre os tr\u00e1gicos eventos fazem crer ter surgido nova ordem mundial clim\u00e1tica. A inten\u00e7\u00e3o deste escrito \u00e9 a de refletir sobre&#8230;<\/p>\n<p><a class=\"read-more\" href=\"https:\/\/andreavizzotto.adv.br\/index.php\/2024\/11\/22\/impressoes-sobre-os-efeitos-das-mudancas-climaticas-nas-cidades-de-em-porto-alegre-e-valencia\/\">Ler mais<\/a><\/p>\n","protected":false},"author":1,"featured_media":1772,"comment_status":"closed","ping_status":"open","sticky":false,"template":"","format":"standard","meta":{"site-sidebar-layout":"default","site-content-layout":"default","ast-site-content-layout":"default","site-content-style":"default","site-sidebar-style":"default","ast-global-header-display":"","ast-banner-title-visibility":"","ast-main-header-display":"","ast-hfb-above-header-display":"","ast-hfb-below-header-display":"","ast-hfb-mobile-header-display":"","site-post-title":"","ast-breadcrumbs-content":"","ast-featured-img":"","footer-sml-layout":"","ast-disable-related-posts":"","theme-transparent-header-meta":"default","adv-header-id-meta":"","stick-header-meta":"","header-above-stick-meta":"","header-main-stick-meta":"","header-below-stick-meta":"","astra-migrate-meta-layouts":"default","ast-page-background-enabled":"default","ast-page-background-meta":{"desktop":{"background-color":"","background-image":"","background-repeat":"repeat","background-position":"center center","background-size":"auto","background-attachment":"scroll","background-type":"","background-media":"","overlay-type":"","overlay-color":"","overlay-opacity":"","overlay-gradient":""},"tablet":{"background-color":"","background-image":"","background-repeat":"repeat","background-position":"center center","background-size":"auto","background-attachment":"scroll","background-type":"","background-media":"","overlay-type":"","overlay-color":"","overlay-opacity":"","overlay-gradient":""},"mobile":{"background-color":"","background-image":"","background-repeat":"repeat","background-position":"center center","background-size":"auto","background-attachment":"scroll","background-type":"","background-media":"","overlay-type":"","overlay-color":"","overlay-opacity":"","overlay-gradient":""}},"ast-content-background-meta":{"desktop":{"background-color":"var(--ast-global-color-5)","background-image":"","background-repeat":"repeat","background-position":"center center","background-size":"auto","background-attachment":"scroll","background-type":"","background-media":"","overlay-type":"","overlay-color":"","overlay-opacity":"","overlay-gradient":""},"tablet":{"background-color":"var(--ast-global-color-5)","background-image":"","background-repeat":"repeat","background-position":"center center","background-size":"auto","background-attachment":"scroll","background-type":"","background-media":"","overlay-type":"","overlay-color":"","overlay-opacity":"","overlay-gradient":""},"mobile":{"background-color":"var(--ast-global-color-5)","background-image":"","background-repeat":"repeat","background-position":"center center","background-size":"auto","background-attachment":"scroll","background-type":"","background-media":"","overlay-type":"","overlay-color":"","overlay-opacity":"","overlay-gradient":""}},"footnotes":""},"categories":[1],"tags":[],"class_list":["post-1778","post","type-post","status-publish","format-standard","has-post-thumbnail","hentry","category-artigos"],"aioseo_notices":[],"_links":{"self":[{"href":"https:\/\/andreavizzotto.adv.br\/index.php\/wp-json\/wp\/v2\/posts\/1778","targetHints":{"allow":["GET"]}}],"collection":[{"href":"https:\/\/andreavizzotto.adv.br\/index.php\/wp-json\/wp\/v2\/posts"}],"about":[{"href":"https:\/\/andreavizzotto.adv.br\/index.php\/wp-json\/wp\/v2\/types\/post"}],"author":[{"embeddable":true,"href":"https:\/\/andreavizzotto.adv.br\/index.php\/wp-json\/wp\/v2\/users\/1"}],"replies":[{"embeddable":true,"href":"https:\/\/andreavizzotto.adv.br\/index.php\/wp-json\/wp\/v2\/comments?post=1778"}],"version-history":[{"count":1,"href":"https:\/\/andreavizzotto.adv.br\/index.php\/wp-json\/wp\/v2\/posts\/1778\/revisions"}],"predecessor-version":[{"id":1779,"href":"https:\/\/andreavizzotto.adv.br\/index.php\/wp-json\/wp\/v2\/posts\/1778\/revisions\/1779"}],"wp:featuredmedia":[{"embeddable":true,"href":"https:\/\/andreavizzotto.adv.br\/index.php\/wp-json\/wp\/v2\/media\/1772"}],"wp:attachment":[{"href":"https:\/\/andreavizzotto.adv.br\/index.php\/wp-json\/wp\/v2\/media?parent=1778"}],"wp:term":[{"taxonomy":"category","embeddable":true,"href":"https:\/\/andreavizzotto.adv.br\/index.php\/wp-json\/wp\/v2\/categories?post=1778"},{"taxonomy":"post_tag","embeddable":true,"href":"https:\/\/andreavizzotto.adv.br\/index.php\/wp-json\/wp\/v2\/tags?post=1778"}],"curies":[{"name":"wp","href":"https:\/\/api.w.org\/{rel}","templated":true}]}}